{"id":13963,"date":"2022-09-06T15:14:00","date_gmt":"2022-09-06T13:14:00","guid":{"rendered":"https:\/\/dev.lapurla.ch\/?post_type=news&#038;p=13963"},"modified":"2022-12-22T16:50:16","modified_gmt":"2022-12-22T15:50:16","slug":"prise-de-position-sur-la-pa-iv-wbk-n-21-403","status":"publish","type":"news","link":"https:\/\/dev.lapurla.ch\/fr\/news\/prise-de-position-sur-la-pa-iv-wbk-n-21-403\/","title":{"rendered":"Prise de position sur la Iv. pa. CSEC-N 21.403"},"content":{"rendered":"\n<p class=\"wp-block-paragraph\">R\u00e9ponse \u00e0 la consultation sur l&rsquo;initiative parlementaire Iv. pa. CSEC-N \u00ab Remplacer le financement de d\u00e9part par une solution adapt\u00e9e aux r\u00e9alit\u00e9s actuelles \u00bb de Lapurla :<\/p>\n\n\n\n<p class=\"wp-block-paragraph\"><a href=\"https:\/\/www.parlament.ch\/fr\/organe\/commissions\/commissions-thematiques\/commissions-csec\/rapports-consultations-csec\/consultation-csec-21-403\">Sur l&rsquo;initiative parlementaire<\/a><\/p>\n\n\n\n<p class=\"wp-block-paragraph\"><\/p>\n\n\n\n<div data-wp-interactive=\"core\/file\" class=\"wp-block-file\"><object data-wp-bind--hidden=\"!state.hasPdfPreview\" hidden class=\"wp-block-file__embed\" data=\"https:\/\/dev.lapurla.ch\/wp-content\/uploads\/2022\/12\/LapurlaVernhemlassung21.403WBK-NRmit-Anhang-2.pdf\" type=\"application\/pdf\" style=\"width:100%;height:600px\" aria-label=\"Contenu embarqu\u00e9 R\u00e9ponse \u00e0 la consultation.\"><\/object><a id=\"wp-block-file--media-9cecc476-dcad-4561-be28-adc4871e8536\" href=\"https:\/\/dev.lapurla.ch\/wp-content\/uploads\/2022\/12\/LapurlaVernhemlassung21.403WBK-NRmit-Anhang-2.pdf\">R\u00e9ponse \u00e0 la consultation<\/a><a href=\"https:\/\/dev.lapurla.ch\/wp-content\/uploads\/2022\/12\/LapurlaVernhemlassung21.403WBK-NRmit-Anhang-2.pdf\" class=\"wp-block-file__button wp-element-button\" download aria-describedby=\"wp-block-file--media-9cecc476-dcad-4561-be28-adc4871e8536\">Download<\/a><\/div>\n","protected":false},"excerpt":{"rendered":"<p>R\u00e9ponse \u00e0 la consultation sur l&rsquo;initiative parlementaire Iv. pa. CSEC-N \u00ab Remplacer le financement de d\u00e9part par une solution adapt\u00e9e aux r\u00e9alit\u00e9s actuelles \u00bb de Lapurla : Sur l&rsquo;initiative parlementaire<\/p>\n","protected":false},"featured_media":13944,"template":"","meta":{"_acf_changed":false,"latitude":"","longitude":"","kurzbeschreibung":"Lapurla a pris position dans une r\u00e9ponse \u00e0 la consultation sur l'initiative parlementaire \u00ab Remplacer le financement de d\u00e9part par une solution adapt\u00e9e aux r\u00e9alit\u00e9s actuelles \u00bb","datum_von":"","footnotes":""},"categories":[],"class_list":["post-13963","news","type-news","status-publish","has-post-thumbnail","hentry"],"acf":[],"_links":{"self":[{"href":"https:\/\/dev.lapurla.ch\/fr\/wp-json\/wp\/v2\/news\/13963","targetHints":{"allow":["GET"]}}],"collection":[{"href":"https:\/\/dev.lapurla.ch\/fr\/wp-json\/wp\/v2\/news"}],"about":[{"href":"https:\/\/dev.lapurla.ch\/fr\/wp-json\/wp\/v2\/types\/news"}],"version-history":[{"count":10,"href":"https:\/\/dev.lapurla.ch\/fr\/wp-json\/wp\/v2\/news\/13963\/revisions"}],"predecessor-version":[{"id":13987,"href":"https:\/\/dev.lapurla.ch\/fr\/wp-json\/wp\/v2\/news\/13963\/revisions\/13987"}],"wp:featuredmedia":[{"embeddable":true,"href":"https:\/\/dev.lapurla.ch\/fr\/wp-json\/wp\/v2\/media\/13944"}],"wp:attachment":[{"href":"https:\/\/dev.lapurla.ch\/fr\/wp-json\/wp\/v2\/media?parent=13963"}],"wp:term":[{"taxonomy":"category","embeddable":true,"href":"https:\/\/dev.lapurla.ch\/fr\/wp-json\/wp\/v2\/categories?post=13963"}],"curies":[{"name":"wp","href":"https:\/\/api.w.org\/{rel}","templated":true}]}}